{"id":36,"date":"2023-05-08T13:21:48","date_gmt":"2023-05-08T17:21:48","guid":{"rendered":"https:\/\/6141271.cpsw-fcsei.com\/tp2\/wordpress\/?p=36"},"modified":"2023-05-24T23:02:53","modified_gmt":"2023-05-25T03:02:53","slug":"rocheuses-canadiennes","status":"publish","type":"post","link":"https:\/\/6141271.cpsw-fcsei.com\/tp2\/wordpress\/2023\/05\/08\/rocheuses-canadiennes\/","title":{"rendered":"Rocheuses canadiennes"},"content":{"rendered":"\n<div class=\"wp-block-cover\"><span aria-hidden=\"true\" class=\"wp-block-cover__background has-background-dim\"><\/span><img loading=\"lazy\" decoding=\"async\" width=\"1024\" height=\"650\" class=\"wp-block-cover__image-background wp-image-301\" alt=\"\" src=\"https:\/\/6141271.cpsw-fcsei.com\/tp2\/wordpress\/wp-content\/uploads\/2023\/05\/rocheuse-1.jpg\" style=\"object-position:50% 21%\" data-object-fit=\"cover\" data-object-position=\"50% 21%\" srcset=\"https:\/\/6141271.cpsw-fcsei.com\/tp2\/wordpress\/wp-content\/uploads\/2023\/05\/rocheuse-1.jpg 1024w, https:\/\/6141271.cpsw-fcsei.com\/tp2\/wordpress\/wp-content\/uploads\/2023\/05\/rocheuse-1-300x190.jpg 300w, https:\/\/6141271.cpsw-fcsei.com\/tp2\/wordpress\/wp-content\/uploads\/2023\/05\/rocheuse-1-768x488.jpg 768w\" sizes=\"auto, (max-width: 1024px) 100vw, 1024px\" \/><div class=\"wp-block-cover__inner-container is-layout-flow wp-block-cover-is-layout-flow\">\n<p class=\"has-text-align-center has-white-color has-text-color has-large-font-size\">Rocheuse canadiennes<\/p>\n\n\n\n<p class=\"has-text-align-center has-bleu-color has-text-color has-medium-font-size\"><a href=\"https:\/\/6141271.cpsw-fcsei.com\/tp2\/wordpress\/voyage\/\" data-type=\"page\" data-id=\"12\">Tous les voyages<\/a><\/p>\n<\/div><\/div>\n\n\n\n<div class=\"wp-block-group is-nowrap is-layout-flex wp-container-core-group-is-layout-ad2f72ca wp-block-group-is-layout-flex\">\n<hr class=\"wp-block-separator has-text-color has-fond-color has-alpha-channel-opacity has-fond-background-color has-background wp-container-content-a3e90ddf\"\/>\n\n\n\n<div class=\"wp-block-group is-layout-constrained wp-block-group-is-layout-constrained\">\n<h2 class=\"wp-block-heading has-texte-color has-text-color\">Information<\/h2>\n\n\n\n<p><strong>Co\u00fbt<\/strong>: 1500$<br><strong>Date de d\u00e9part<\/strong>: 21 ao\u00fbt 2023<br><strong>Dur\u00e9e du s\u00e9jour<\/strong>: 7 jours<br><strong>Nombre de km de marche<\/strong>: 51km<br><strong>Niveau<\/strong>: Interm\u00e9diaire<br><strong>\u00c9quipements<\/strong>:<\/p>\n\n\n\n<ul class=\"wp-block-list\">\n<li>Bottes de marche<\/li>\n\n\n\n<li>Sac \u00e0 dos<\/li>\n<\/ul>\n<\/div>\n\n\n\n<hr class=\"wp-block-separator has-text-color has-fond-color has-alpha-channel-opacity has-fond-background-color has-background wp-container-content-a3e90ddf\"\/>\n\n\n\n<div class=\"wp-block-columns is-layout-flex wp-container-core-columns-is-layout-9d6595d7 wp-block-columns-is-layout-flex\">\n<div class=\"wp-block-column is-layout-flow wp-block-column-is-layout-flow\">\n<p>Les Rocheuses canadiennes, \u00e9galement connues sous le nom de Rocky Mountains, sont une cha\u00eene de montagnes situ\u00e9e dans l\u2019Ouest du Canada, s\u2019\u00e9tendant sur plus de 4 800 km\u00b2, de la Colombie-Britannique \u00e0 l\u2019Alberta.<\/p>\n\n\n\n<p>Description du voyage, In hac habitasse platea dictumst. Sed nec venenatis odio. Nulla faucibus ipsum sed faucibus accumsan. Donec rhoncus luctus massa vitae lobortis. Duis consequat, nunc a pretium imperdiet, neque est rhoncus massa, tristique rutrum nisl risus at libero.<\/p>\n\n\n\n<p>Lorem ipsum dolor sit amet consectetur adipiscing elit sodales primis, mollis viverra conubia ligula inceptos laoreet libero tortor, nascetur non habitasse iaculis tempor nec egestas fames augue, platea porta integer nostra curae sed arcu. Nec ut diam vulputate ante scelerisque ridiculus lobortis orci mi curae himenaeos quis.<\/p>\n\n\n\n<p>Senectus curabitur ullamcorper a porttitor nibh fermentum nisi cum morbi aliquam. Vitae pretium vestibulum dui gravida in potenti interdum, class rhoncus neque.<\/p>\n<\/div>\n<\/div>\n<\/div>\n","protected":false},"excerpt":{"rendered":"<p>Information Co\u00fbt: 1500$Date de d\u00e9part: 21 ao\u00fbt 2023Dur\u00e9e du s\u00e9jour: 7 joursNombre de km de marche: 51kmNiveau: Interm\u00e9diaire\u00c9quipements: Les Rocheuses canadiennes, \u00e9galement connues sous le nom de Rocky Mountains, sont une cha\u00eene de montagnes situ\u00e9e dans l\u2019Ouest du Canada, s\u2019\u00e9tendant sur plus de 4 800 km\u00b2, de la Colombie-Britannique \u00e0 l\u2019Alberta. Description du voyage, In [&hellip;]<\/p>\n","protected":false},"author":1,"featured_media":42,"comment_status":"open","ping_status":"open","sticky":false,"template":"","format":"standard","meta":{"footnotes":""},"categories":[6],"tags":[],"class_list":["post-36","post","type-post","status-publish","format-standard","has-post-thumbnail","hentry","category-voyage"],"_links":{"self":[{"href":"https:\/\/6141271.cpsw-fcsei.com\/tp2\/wordpress\/wp-json\/wp\/v2\/posts\/36","targetHints":{"allow":["GET"]}}],"collection":[{"href":"https:\/\/6141271.cpsw-fcsei.com\/tp2\/wordpress\/wp-json\/wp\/v2\/posts"}],"about":[{"href":"https:\/\/6141271.cpsw-fcsei.com\/tp2\/wordpress\/wp-json\/wp\/v2\/types\/post"}],"author":[{"embeddable":true,"href":"https:\/\/6141271.cpsw-fcsei.com\/tp2\/wordpress\/wp-json\/wp\/v2\/users\/1"}],"replies":[{"embeddable":true,"href":"https:\/\/6141271.cpsw-fcsei.com\/tp2\/wordpress\/wp-json\/wp\/v2\/comments?post=36"}],"version-history":[{"count":6,"href":"https:\/\/6141271.cpsw-fcsei.com\/tp2\/wordpress\/wp-json\/wp\/v2\/posts\/36\/revisions"}],"predecessor-version":[{"id":302,"href":"https:\/\/6141271.cpsw-fcsei.com\/tp2\/wordpress\/wp-json\/wp\/v2\/posts\/36\/revisions\/302"}],"wp:featuredmedia":[{"embeddable":true,"href":"https:\/\/6141271.cpsw-fcsei.com\/tp2\/wordpress\/wp-json\/wp\/v2\/media\/42"}],"wp:attachment":[{"href":"https:\/\/6141271.cpsw-fcsei.com\/tp2\/wordpress\/wp-json\/wp\/v2\/media?parent=36"}],"wp:term":[{"taxonomy":"category","embeddable":true,"href":"https:\/\/6141271.cpsw-fcsei.com\/tp2\/wordpress\/wp-json\/wp\/v2\/categories?post=36"},{"taxonomy":"post_tag","embeddable":true,"href":"https:\/\/6141271.cpsw-fcsei.com\/tp2\/wordpress\/wp-json\/wp\/v2\/tags?post=36"}],"curies":[{"name":"wp","href":"https:\/\/api.w.org\/{rel}","templated":true}]}}